{"id":3444,"date":"2024-04-10T12:03:01","date_gmt":"2024-04-10T10:03:01","guid":{"rendered":"https:\/\/feierabend.stroeck.at\/?p=3444"},"modified":"2024-05-14T12:12:36","modified_gmt":"2024-05-14T10:12:36","slug":"march-in-the-feierabend-garden-3","status":"publish","type":"post","link":"https:\/\/feierabend.stroeck.at\/en\/march-in-the-feierabend-garden-3\/","title":{"rendered":"March in the Feierabend Garden"},"content":{"rendered":"\n<p>Der Fr\u00fchling ist in vollster Pracht im Garten angekommen und alles sprie\u00dft und bl\u00fcht mit frischer Energie ins neue Jahr. Unsere Erbsen im Folientunnel haben die ersten Bl\u00fcten und Fruchtans\u00e4tze, sodass sie schon sehr bald fruchtig-s\u00fc\u00dfe Erbsenschoten abwerfen.<\/p>\n\n<p>Es wurden wieder frische Salate, Fenchel und Jungzwiebel gesetzt. Nebenbei wurde die Bew\u00e4sserung neu verlegt und wird jetzt nach und nach automatisiert.<\/p>\n\n<p>Wir haben eine Lieferung der Fa. Brantner mit 10 Tonnen Bio-Str\u00f6ck-Kompost und 10 Tonnen Hackschnitzel erhalten. Der Kompost dient als D\u00fcngung f\u00fcr unsere Gem\u00fcsebeete. Die Hackschnitzel als Mulchschicht auf unseren Staudenbeeten und zur Schneckenabwehr im Folientunnel \u2013 Schnecken kriechen n\u00e4mlich nicht gerne \u00fcber scharfkantige Oberfl\u00e4chen.<\/p>\n\n<p>Zur Zeit werden w\u00f6chentlich verschiedene frische Schnittsalate, Asiasalate, Rettiche und Bl\u00fcten an die Restaurants geliefert.<\/p>\n\n<p>Auf den Dauerbeeten, die wir erst im Herbst bepflanzen, haben wir eine Begr\u00fcnungsmischung aus Ackerbohnen und Erbsen angebaut. Diese ist gut f\u00fcr den Bodenaufbau durch eine starke Durchwurzelung, bindet Stickstoff und schaut, wenn sie einmal bl\u00fcht, auch noch sehr gut aus. Die jungen Sprossen kann man dann auch ernten und in den Salat oder das Pfannengem\u00fcse mischen.<\/p>\n\n<figure class=\"wp-block-gallery has-nested-images columns-default is-cropped wp-block-gallery-1 is-layout-flex wp-block-gallery-is-layout-flex\">\n<figure class=\"wp-block-image size-large\"><img loading=\"lazy\" decoding=\"async\" width=\"885\" height=\"664\" data-id=\"3487\" src=\"https:\/\/feierabend.stroeck.at\/wp-content\/uploads\/2024\/05\/Schnittsalat_rot_kraus-885x664.jpg\" alt=\"\" class=\"wp-image-3487\" srcset=\"https:\/\/feierabend.stroeck.at\/wp-content\/uploads\/2024\/05\/Schnittsalat_rot_kraus-885x664.jpg 885w, https:\/\/feierabend.stroeck.at\/wp-content\/uploads\/2024\/05\/Schnittsalat_rot_kraus-645x484.jpg 645w\" sizes=\"(max-width: 885px) 100vw, 885px\" \/><figcaption class=\"wp-element-caption\">Schnittsalat kraus<\/figcaption><\/figure>\n\n\n\n<figure class=\"wp-block-image size-large\"><img loading=\"lazy\" decoding=\"async\" width=\"885\" height=\"664\" data-id=\"3485\" src=\"https:\/\/feierabend.stroeck.at\/wp-content\/uploads\/2024\/05\/Schnittsalat_rot_glatt-885x664.jpg\" alt=\"\" class=\"wp-image-3485\" srcset=\"https:\/\/feierabend.stroeck.at\/wp-content\/uploads\/2024\/05\/Schnittsalat_rot_glatt-885x664.jpg 885w, https:\/\/feierabend.stroeck.at\/wp-content\/uploads\/2024\/05\/Schnittsalat_rot_glatt-645x484.jpg 645w\" sizes=\"(max-width: 885px) 100vw, 885px\" \/><figcaption class=\"wp-element-caption\">Schnittsalat glatt<\/figcaption><\/figure>\n\n\n\n<figure class=\"wp-block-image size-large\"><img loading=\"lazy\" decoding=\"async\" width=\"885\" height=\"664\" data-id=\"3483\" src=\"https:\/\/feierabend.stroeck.at\/wp-content\/uploads\/2024\/05\/Schnittsalat_gruen_kraus-885x664.jpg\" alt=\"\" class=\"wp-image-3483\" srcset=\"https:\/\/feierabend.stroeck.at\/wp-content\/uploads\/2024\/05\/Schnittsalat_gruen_kraus-885x664.jpg 885w, https:\/\/feierabend.stroeck.at\/wp-content\/uploads\/2024\/05\/Schnittsalat_gruen_kraus-645x484.jpg 645w\" sizes=\"(max-width: 885px) 100vw, 885px\" \/><figcaption class=\"wp-element-caption\">Schnittsalat kraus<\/figcaption><\/figure>\n\n\n\n<figure class=\"wp-block-image size-large\"><img loading=\"lazy\" decoding=\"async\" width=\"885\" height=\"664\" data-id=\"3481\" src=\"https:\/\/feierabend.stroeck.at\/wp-content\/uploads\/2024\/05\/Schnittsalat_gruen_glatt-885x664.jpg\" alt=\"\" class=\"wp-image-3481\" srcset=\"https:\/\/feierabend.stroeck.at\/wp-content\/uploads\/2024\/05\/Schnittsalat_gruen_glatt-885x664.jpg 885w, https:\/\/feierabend.stroeck.at\/wp-content\/uploads\/2024\/05\/Schnittsalat_gruen_glatt-645x484.jpg 645w\" sizes=\"(max-width: 885px) 100vw, 885px\" \/><figcaption class=\"wp-element-caption\">Schnittsalat glatt<\/figcaption><\/figure>\n\n\n\n<figure class=\"wp-block-image size-large\"><img loading=\"lazy\" decoding=\"async\" width=\"498\" height=\"664\" data-id=\"3477\" src=\"https:\/\/feierabend.stroeck.at\/wp-content\/uploads\/2024\/05\/Mangold_five_colours-498x664.jpg\" alt=\"\" class=\"wp-image-3477\" srcset=\"https:\/\/feierabend.stroeck.at\/wp-content\/uploads\/2024\/05\/Mangold_five_colours-498x664.jpg 498w, https:\/\/feierabend.stroeck.at\/wp-content\/uploads\/2024\/05\/Mangold_five_colours-363x484.jpg 363w, https:\/\/feierabend.stroeck.at\/wp-content\/uploads\/2024\/05\/Mangold_five_colours-scaled.jpg 1770w\" sizes=\"(max-width: 498px) 100vw, 498px\" \/><figcaption class=\"wp-element-caption\">Mangold Five Colors<\/figcaption><\/figure>\n\n\n\n<figure class=\"wp-block-image size-large\"><img loading=\"lazy\" decoding=\"async\" width=\"498\" height=\"664\" data-id=\"3475\" src=\"https:\/\/feierabend.stroeck.at\/wp-content\/uploads\/2024\/05\/Mangold_five_colours_2-498x664.jpg\" alt=\"\" class=\"wp-image-3475\" srcset=\"https:\/\/feierabend.stroeck.at\/wp-content\/uploads\/2024\/05\/Mangold_five_colours_2-498x664.jpg 498w, https:\/\/feierabend.stroeck.at\/wp-content\/uploads\/2024\/05\/Mangold_five_colours_2-363x484.jpg 363w, https:\/\/feierabend.stroeck.at\/wp-content\/uploads\/2024\/05\/Mangold_five_colours_2-scaled.jpg 1770w\" sizes=\"(max-width: 498px) 100vw, 498px\" \/><figcaption class=\"wp-element-caption\">Mangold Five Colors<\/figcaption><\/figure>\n\n\n\n<figure class=\"wp-block-image size-large\"><img loading=\"lazy\" decoding=\"async\" width=\"498\" height=\"664\" data-id=\"3473\" src=\"https:\/\/feierabend.stroeck.at\/wp-content\/uploads\/2024\/05\/Liebstoeckl-498x664.jpg\" alt=\"\" class=\"wp-image-3473\" srcset=\"https:\/\/feierabend.stroeck.at\/wp-content\/uploads\/2024\/05\/Liebstoeckl-498x664.jpg 498w, https:\/\/feierabend.stroeck.at\/wp-content\/uploads\/2024\/05\/Liebstoeckl-363x484.jpg 363w, https:\/\/feierabend.stroeck.at\/wp-content\/uploads\/2024\/05\/Liebstoeckl-scaled.jpg 1770w\" sizes=\"(max-width: 498px) 100vw, 498px\" \/><figcaption class=\"wp-element-caption\">Liebsto\u0308ckl<\/figcaption><\/figure>\n\n\n\n<figure class=\"wp-block-image size-large\"><img loading=\"lazy\" decoding=\"async\" width=\"885\" height=\"664\" data-id=\"3471\" src=\"https:\/\/feierabend.stroeck.at\/wp-content\/uploads\/2024\/05\/Kompostlieferung_1-885x664.jpg\" alt=\"\" class=\"wp-image-3471\" srcset=\"https:\/\/feierabend.stroeck.at\/wp-content\/uploads\/2024\/05\/Kompostlieferung_1-885x664.jpg 885w, https:\/\/feierabend.stroeck.at\/wp-content\/uploads\/2024\/05\/Kompostlieferung_1-645x484.jpg 645w\" sizes=\"(max-width: 885px) 100vw, 885px\" \/><figcaption class=\"wp-element-caption\">Kompostlieferung<\/figcaption><\/figure>\n\n\n\n<figure class=\"wp-block-image size-large\"><img loading=\"lazy\" decoding=\"async\" width=\"374\" height=\"664\" data-id=\"3469\" src=\"https:\/\/feierabend.stroeck.at\/wp-content\/uploads\/2024\/05\/Erbse_blueht-374x664.jpg\" alt=\"\" class=\"wp-image-3469\" srcset=\"https:\/\/feierabend.stroeck.at\/wp-content\/uploads\/2024\/05\/Erbse_blueht-374x664.jpg 374w, https:\/\/feierabend.stroeck.at\/wp-content\/uploads\/2024\/05\/Erbse_blueht-272x484.jpg 272w, https:\/\/feierabend.stroeck.at\/wp-content\/uploads\/2024\/05\/Erbse_blueht-scaled.jpg 1328w\" sizes=\"(max-width: 374px) 100vw, 374px\" \/><figcaption class=\"wp-element-caption\">Erbse in Bl\u00fcte<\/figcaption><\/figure>\n\n\n\n<figure class=\"wp-block-image size-large\"><img loading=\"lazy\" decoding=\"async\" width=\"498\" height=\"664\" data-id=\"3467\" src=\"https:\/\/feierabend.stroeck.at\/wp-content\/uploads\/2024\/05\/BullsBlood_2-498x664.jpg\" alt=\"\" class=\"wp-image-3467\" srcset=\"https:\/\/feierabend.stroeck.at\/wp-content\/uploads\/2024\/05\/BullsBlood_2-498x664.jpg 498w, https:\/\/feierabend.stroeck.at\/wp-content\/uploads\/2024\/05\/BullsBlood_2-363x484.jpg 363w, https:\/\/feierabend.stroeck.at\/wp-content\/uploads\/2024\/05\/BullsBlood_2-scaled.jpg 1770w\" sizes=\"(max-width: 498px) 100vw, 498px\" \/><figcaption class=\"wp-element-caption\">Bulls Blood<\/figcaption><\/figure>\n\n\n\n<figure class=\"wp-block-image size-large\"><img loading=\"lazy\" decoding=\"async\" width=\"885\" height=\"664\" data-id=\"3465\" src=\"https:\/\/feierabend.stroeck.at\/wp-content\/uploads\/2024\/05\/BullsBlood_1-885x664.jpg\" alt=\"\" class=\"wp-image-3465\" srcset=\"https:\/\/feierabend.stroeck.at\/wp-content\/uploads\/2024\/05\/BullsBlood_1-885x664.jpg 885w, https:\/\/feierabend.stroeck.at\/wp-content\/uploads\/2024\/05\/BullsBlood_1-645x484.jpg 645w\" sizes=\"(max-width: 885px) 100vw, 885px\" \/><figcaption class=\"wp-element-caption\">Bulls Blood<\/figcaption><\/figure>\n\n\n\n<figure class=\"wp-block-image size-large\"><img loading=\"lazy\" decoding=\"async\" width=\"498\" height=\"664\" data-id=\"3445\" src=\"https:\/\/feierabend.stroeck.at\/wp-content\/uploads\/2024\/05\/Baby_chicory-498x664.jpg\" alt=\"\" class=\"wp-image-3445\" srcset=\"https:\/\/feierabend.stroeck.at\/wp-content\/uploads\/2024\/05\/Baby_chicory-498x664.jpg 498w, https:\/\/feierabend.stroeck.at\/wp-content\/uploads\/2024\/05\/Baby_chicory-363x484.jpg 363w, https:\/\/feierabend.stroeck.at\/wp-content\/uploads\/2024\/05\/Baby_chicory-scaled.jpg 1770w\" sizes=\"(max-width: 498px) 100vw, 498px\" \/><figcaption class=\"wp-element-caption\">Baby Chicory<\/figcaption><\/figure>\n\n\n\n<figure class=\"wp-block-image size-large\"><img loading=\"lazy\" decoding=\"async\" width=\"498\" height=\"664\" data-id=\"3463\" src=\"https:\/\/feierabend.stroeck.at\/wp-content\/uploads\/2024\/05\/Bewaesserung_9-498x664.jpg\" alt=\"\" class=\"wp-image-3463\" srcset=\"https:\/\/feierabend.stroeck.at\/wp-content\/uploads\/2024\/05\/Bewaesserung_9-498x664.jpg 498w, https:\/\/feierabend.stroeck.at\/wp-content\/uploads\/2024\/05\/Bewaesserung_9-363x484.jpg 363w, https:\/\/feierabend.stroeck.at\/wp-content\/uploads\/2024\/05\/Bewaesserung_9.jpg 1200w\" sizes=\"(max-width: 498px) 100vw, 498px\" \/><figcaption class=\"wp-element-caption\">Bew\u00e4sserung<\/figcaption><\/figure>\n\n\n\n<figure class=\"wp-block-image size-large\"><img loading=\"lazy\" decoding=\"async\" width=\"498\" height=\"664\" data-id=\"3461\" src=\"https:\/\/feierabend.stroeck.at\/wp-content\/uploads\/2024\/05\/Bewaesserung_8-498x664.jpg\" alt=\"\" class=\"wp-image-3461\" srcset=\"https:\/\/feierabend.stroeck.at\/wp-content\/uploads\/2024\/05\/Bewaesserung_8-498x664.jpg 498w, https:\/\/feierabend.stroeck.at\/wp-content\/uploads\/2024\/05\/Bewaesserung_8-363x484.jpg 363w, https:\/\/feierabend.stroeck.at\/wp-content\/uploads\/2024\/05\/Bewaesserung_8.jpg 1200w\" sizes=\"(max-width: 498px) 100vw, 498px\" \/><figcaption class=\"wp-element-caption\">Bew\u00e4sserung<\/figcaption><\/figure>\n\n\n\n<figure class=\"wp-block-image size-large\"><img loading=\"lazy\" decoding=\"async\" width=\"498\" height=\"664\" data-id=\"3459\" src=\"https:\/\/feierabend.stroeck.at\/wp-content\/uploads\/2024\/05\/Bewaesserung_7-498x664.jpg\" alt=\"\" class=\"wp-image-3459\" srcset=\"https:\/\/feierabend.stroeck.at\/wp-content\/uploads\/2024\/05\/Bewaesserung_7-498x664.jpg 498w, https:\/\/feierabend.stroeck.at\/wp-content\/uploads\/2024\/05\/Bewaesserung_7-363x484.jpg 363w, https:\/\/feierabend.stroeck.at\/wp-content\/uploads\/2024\/05\/Bewaesserung_7.jpg 1200w\" sizes=\"(max-width: 498px) 100vw, 498px\" \/><\/figure>\n\n\n\n<figure class=\"wp-block-image size-large\"><img loading=\"lazy\" decoding=\"async\" width=\"498\" height=\"664\" data-id=\"3457\" src=\"https:\/\/feierabend.stroeck.at\/wp-content\/uploads\/2024\/05\/Bewaesserung_6-498x664.jpg\" alt=\"\" class=\"wp-image-3457\" srcset=\"https:\/\/feierabend.stroeck.at\/wp-content\/uploads\/2024\/05\/Bewaesserung_6-498x664.jpg 498w, https:\/\/feierabend.stroeck.at\/wp-content\/uploads\/2024\/05\/Bewaesserung_6-363x484.jpg 363w, https:\/\/feierabend.stroeck.at\/wp-content\/uploads\/2024\/05\/Bewaesserung_6.jpg 1200w\" sizes=\"(max-width: 498px) 100vw, 498px\" \/><\/figure>\n\n\n\n<figure class=\"wp-block-image size-large\"><img loading=\"lazy\" decoding=\"async\" width=\"498\" height=\"664\" data-id=\"3455\" src=\"https:\/\/feierabend.stroeck.at\/wp-content\/uploads\/2024\/05\/Bewaesserung_5-498x664.jpg\" alt=\"\" class=\"wp-image-3455\" srcset=\"https:\/\/feierabend.stroeck.at\/wp-content\/uploads\/2024\/05\/Bewaesserung_5-498x664.jpg 498w, https:\/\/feierabend.stroeck.at\/wp-content\/uploads\/2024\/05\/Bewaesserung_5-363x484.jpg 363w, https:\/\/feierabend.stroeck.at\/wp-content\/uploads\/2024\/05\/Bewaesserung_5.jpg 1200w\" sizes=\"(max-width: 498px) 100vw, 498px\" \/><\/figure>\n\n\n\n<figure class=\"wp-block-image size-large\"><img loading=\"lazy\" decoding=\"async\" width=\"498\" height=\"664\" data-id=\"3453\" src=\"https:\/\/feierabend.stroeck.at\/wp-content\/uploads\/2024\/05\/Bewaesserung_4-498x664.jpg\" alt=\"\" class=\"wp-image-3453\" srcset=\"https:\/\/feierabend.stroeck.at\/wp-content\/uploads\/2024\/05\/Bewaesserung_4-498x664.jpg 498w, https:\/\/feierabend.stroeck.at\/wp-content\/uploads\/2024\/05\/Bewaesserung_4-363x484.jpg 363w, https:\/\/feierabend.stroeck.at\/wp-content\/uploads\/2024\/05\/Bewaesserung_4.jpg 1200w\" sizes=\"(max-width: 498px) 100vw, 498px\" \/><\/figure>\n\n\n\n<figure class=\"wp-block-image size-large\"><img loading=\"lazy\" decoding=\"async\" width=\"885\" height=\"664\" data-id=\"3451\" src=\"https:\/\/feierabend.stroeck.at\/wp-content\/uploads\/2024\/05\/Bewaesserung_3-885x664.jpg\" alt=\"\" class=\"wp-image-3451\" srcset=\"https:\/\/feierabend.stroeck.at\/wp-content\/uploads\/2024\/05\/Bewaesserung_3-885x664.jpg 885w, https:\/\/feierabend.stroeck.at\/wp-content\/uploads\/2024\/05\/Bewaesserung_3-645x484.jpg 645w\" sizes=\"(max-width: 885px) 100vw, 885px\" \/><\/figure>\n\n\n\n<figure class=\"wp-block-image size-large\"><img loading=\"lazy\" decoding=\"async\" width=\"498\" height=\"664\" data-id=\"3449\" src=\"https:\/\/feierabend.stroeck.at\/wp-content\/uploads\/2024\/05\/Bewaesserung_2-498x664.jpg\" alt=\"\" class=\"wp-image-3449\" srcset=\"https:\/\/feierabend.stroeck.at\/wp-content\/uploads\/2024\/05\/Bewaesserung_2-498x664.jpg 498w, https:\/\/feierabend.stroeck.at\/wp-content\/uploads\/2024\/05\/Bewaesserung_2-363x484.jpg 363w, https:\/\/feierabend.stroeck.at\/wp-content\/uploads\/2024\/05\/Bewaesserung_2-scaled.jpg 1770w\" sizes=\"(max-width: 498px) 100vw, 498px\" \/><\/figure>\n\n\n\n<figure class=\"wp-block-image size-large\"><img loading=\"lazy\" decoding=\"async\" width=\"498\" height=\"664\" data-id=\"3447\" src=\"https:\/\/feierabend.stroeck.at\/wp-content\/uploads\/2024\/05\/Bewaesserung_1-498x664.jpg\" alt=\"\" class=\"wp-image-3447\" srcset=\"https:\/\/feierabend.stroeck.at\/wp-content\/uploads\/2024\/05\/Bewaesserung_1-498x664.jpg 498w, https:\/\/feierabend.stroeck.at\/wp-content\/uploads\/2024\/05\/Bewaesserung_1-363x484.jpg 363w, https:\/\/feierabend.stroeck.at\/wp-content\/uploads\/2024\/05\/Bewaesserung_1-scaled.jpg 1770w\" sizes=\"(max-width: 498px) 100vw, 498px\" \/><\/figure>\n<\/figure>\n","protected":false},"excerpt":{"rendered":"<p>Garden Update from our Head Gardener, Saskia Detz.<\/p>\n","protected":false},"author":21,"featured_media":3480,"comment_status":"open","ping_status":"open","sticky":false,"template":"","format":"standard","meta":{"_acf_changed":false,"footnotes":""},"categories":[234],"tags":[],"class_list":["post-3444","post","type-post","status-publish","format-standard","has-post-thumbnail","hentry","category-garden"],"acf":[],"yoast_head":"<!-- This site is optimized with the Yoast SEO plugin v27.3 - https:\/\/yoast.com\/product\/yoast-seo-wordpress\/ -->\n<title>March in the Feierabend Garden - Str\u00f6ck-Feierabend<\/title>\n<meta name=\"robots\" content=\"index, follow, max-snippet:-1, max-image-preview:large, max-video-preview:-1\" \/>\n<link rel=\"canonical\" href=\"https:\/\/feierabend.stroeck.at\/en\/march-in-the-feierabend-garden-3\/\" \/>\n<meta property=\"og:locale\" content=\"en_US\" \/>\n<meta property=\"og:type\" content=\"article\" \/>\n<meta property=\"og:title\" content=\"March in the Feierabend Garden - Str\u00f6ck-Feierabend\" \/>\n<meta property=\"og:description\" content=\"Garden Update from our Head Gardener, Saskia Detz.\" \/>\n<meta property=\"og:url\" content=\"https:\/\/feierabend.stroeck.at\/en\/march-in-the-feierabend-garden-3\/\" \/>\n<meta property=\"og:site_name\" content=\"Str\u00f6ck-Feierabend\" \/>\n<meta property=\"article:published_time\" content=\"2024-04-10T10:03:01+00:00\" \/>\n<meta property=\"article:modified_time\" content=\"2024-05-14T10:12:36+00:00\" \/>\n<meta property=\"og:image\" content=\"https:\/\/feierabend.stroeck.at\/wp-content\/uploads\/2024\/05\/Ostergruss_Rettich-885x664.jpg\" \/>\n\t<meta property=\"og:image:width\" content=\"885\" \/>\n\t<meta property=\"og:image:height\" content=\"664\" \/>\n\t<meta property=\"og:image:type\" content=\"image\/jpeg\" \/>\n<meta name=\"author\" content=\"Lukas Kraetschmer\" \/>\n<meta name=\"twitter:card\" content=\"summary_large_image\" \/>\n<meta name=\"twitter:label1\" content=\"Written by\" \/>\n\t<meta name=\"twitter:data1\" content=\"Lukas Kraetschmer\" \/>\n\t<meta name=\"twitter:label2\" content=\"Est. reading time\" \/>\n\t<meta name=\"twitter:data2\" content=\"1 minute\" \/>\n<script type=\"application\/ld+json\" class=\"yoast-schema-graph\">{\"@context\":\"https:\\\/\\\/schema.org\",\"@graph\":[{\"@type\":\"Article\",\"@id\":\"https:\\\/\\\/feierabend.stroeck.at\\\/en\\\/march-in-the-feierabend-garden-3\\\/#article\",\"isPartOf\":{\"@id\":\"https:\\\/\\\/feierabend.stroeck.at\\\/en\\\/march-in-the-feierabend-garden-3\\\/\"},\"author\":{\"name\":\"Lukas Kraetschmer\",\"@id\":\"https:\\\/\\\/feierabend.stroeck.at\\\/en\\\/#\\\/schema\\\/person\\\/1ffe5ac719a3076e9a37047bb23f83a8\"},\"headline\":\"March in the Feierabend Garden\",\"datePublished\":\"2024-04-10T10:03:01+00:00\",\"dateModified\":\"2024-05-14T10:12:36+00:00\",\"mainEntityOfPage\":{\"@id\":\"https:\\\/\\\/feierabend.stroeck.at\\\/en\\\/march-in-the-feierabend-garden-3\\\/\"},\"wordCount\":229,\"commentCount\":0,\"image\":{\"@id\":\"https:\\\/\\\/feierabend.stroeck.at\\\/en\\\/march-in-the-feierabend-garden-3\\\/#primaryimage\"},\"thumbnailUrl\":\"https:\\\/\\\/feierabend.stroeck.at\\\/wp-content\\\/uploads\\\/2024\\\/05\\\/Ostergruss_Rettich-scaled.jpg\",\"articleSection\":[\"Garden\"],\"inLanguage\":\"en-US\",\"potentialAction\":[{\"@type\":\"CommentAction\",\"name\":\"Comment\",\"target\":[\"https:\\\/\\\/feierabend.stroeck.at\\\/en\\\/march-in-the-feierabend-garden-3\\\/#respond\"]}]},{\"@type\":\"WebPage\",\"@id\":\"https:\\\/\\\/feierabend.stroeck.at\\\/en\\\/march-in-the-feierabend-garden-3\\\/\",\"url\":\"https:\\\/\\\/feierabend.stroeck.at\\\/en\\\/march-in-the-feierabend-garden-3\\\/\",\"name\":\"March in the Feierabend Garden - Str\u00f6ck-Feierabend\",\"isPartOf\":{\"@id\":\"https:\\\/\\\/feierabend.stroeck.at\\\/en\\\/#website\"},\"primaryImageOfPage\":{\"@id\":\"https:\\\/\\\/feierabend.stroeck.at\\\/en\\\/march-in-the-feierabend-garden-3\\\/#primaryimage\"},\"image\":{\"@id\":\"https:\\\/\\\/feierabend.stroeck.at\\\/en\\\/march-in-the-feierabend-garden-3\\\/#primaryimage\"},\"thumbnailUrl\":\"https:\\\/\\\/feierabend.stroeck.at\\\/wp-content\\\/uploads\\\/2024\\\/05\\\/Ostergruss_Rettich-scaled.jpg\",\"datePublished\":\"2024-04-10T10:03:01+00:00\",\"dateModified\":\"2024-05-14T10:12:36+00:00\",\"author\":{\"@id\":\"https:\\\/\\\/feierabend.stroeck.at\\\/en\\\/#\\\/schema\\\/person\\\/1ffe5ac719a3076e9a37047bb23f83a8\"},\"breadcrumb\":{\"@id\":\"https:\\\/\\\/feierabend.stroeck.at\\\/en\\\/march-in-the-feierabend-garden-3\\\/#breadcrumb\"},\"inLanguage\":\"en-US\",\"potentialAction\":[{\"@type\":\"ReadAction\",\"target\":[\"https:\\\/\\\/feierabend.stroeck.at\\\/en\\\/march-in-the-feierabend-garden-3\\\/\"]}]},{\"@type\":\"ImageObject\",\"inLanguage\":\"en-US\",\"@id\":\"https:\\\/\\\/feierabend.stroeck.at\\\/en\\\/march-in-the-feierabend-garden-3\\\/#primaryimage\",\"url\":\"https:\\\/\\\/feierabend.stroeck.at\\\/wp-content\\\/uploads\\\/2024\\\/05\\\/Ostergruss_Rettich-scaled.jpg\",\"contentUrl\":\"https:\\\/\\\/feierabend.stroeck.at\\\/wp-content\\\/uploads\\\/2024\\\/05\\\/Ostergruss_Rettich-scaled.jpg\",\"width\":2360,\"height\":1770,\"caption\":\"Two freshly harvested red radishes with green leaves lie on a metal surface, with bits of soil clinging to their roots and some loose dirt scattered around them.\"},{\"@type\":\"BreadcrumbList\",\"@id\":\"https:\\\/\\\/feierabend.stroeck.at\\\/en\\\/march-in-the-feierabend-garden-3\\\/#breadcrumb\",\"itemListElement\":[{\"@type\":\"ListItem\",\"position\":1,\"name\":\"Home\",\"item\":\"https:\\\/\\\/feierabend.stroeck.at\\\/en\\\/\"},{\"@type\":\"ListItem\",\"position\":2,\"name\":\"March in the Feierabend Garden\"}]},{\"@type\":\"WebSite\",\"@id\":\"https:\\\/\\\/feierabend.stroeck.at\\\/en\\\/#website\",\"url\":\"https:\\\/\\\/feierabend.stroeck.at\\\/en\\\/\",\"name\":\"Str\u00f6ck-Feierabend\",\"description\":\"Str\u00f6ck-Feierabend belebt die Ku\u0308che rund ums Brot. Wir lassen uns von der ganzen Welt inspirieren \u2013 ohne dabei zu vergessen, woher wir kommen.\",\"potentialAction\":[{\"@type\":\"SearchAction\",\"target\":{\"@type\":\"EntryPoint\",\"urlTemplate\":\"https:\\\/\\\/feierabend.stroeck.at\\\/en\\\/?s={search_term_string}\"},\"query-input\":{\"@type\":\"PropertyValueSpecification\",\"valueRequired\":true,\"valueName\":\"search_term_string\"}}],\"inLanguage\":\"en-US\"},{\"@type\":\"Person\",\"@id\":\"https:\\\/\\\/feierabend.stroeck.at\\\/en\\\/#\\\/schema\\\/person\\\/1ffe5ac719a3076e9a37047bb23f83a8\",\"name\":\"Lukas Kraetschmer\",\"image\":{\"@type\":\"ImageObject\",\"inLanguage\":\"en-US\",\"@id\":\"https:\\\/\\\/secure.gravatar.com\\\/avatar\\\/01d7478f9e3e448fcabe28494de4914b95d32a0329200b668d6a0d384b9377c9?s=96&d=mm&r=g\",\"url\":\"https:\\\/\\\/secure.gravatar.com\\\/avatar\\\/01d7478f9e3e448fcabe28494de4914b95d32a0329200b668d6a0d384b9377c9?s=96&d=mm&r=g\",\"contentUrl\":\"https:\\\/\\\/secure.gravatar.com\\\/avatar\\\/01d7478f9e3e448fcabe28494de4914b95d32a0329200b668d6a0d384b9377c9?s=96&d=mm&r=g\",\"caption\":\"Lukas Kraetschmer\"},\"url\":\"https:\\\/\\\/feierabend.stroeck.at\\\/en\\\/author\\\/lkraetschmer\\\/\"}]}<\/script>\n<!-- \/ Yoast SEO plugin. -->","yoast_head_json":{"title":"March in the Feierabend Garden - Str\u00f6ck-Feierabend","robots":{"index":"index","follow":"follow","max-snippet":"max-snippet:-1","max-image-preview":"max-image-preview:large","max-video-preview":"max-video-preview:-1"},"canonical":"https:\/\/feierabend.stroeck.at\/en\/march-in-the-feierabend-garden-3\/","og_locale":"en_US","og_type":"article","og_title":"March in the Feierabend Garden - Str\u00f6ck-Feierabend","og_description":"Garden Update from our Head Gardener, Saskia Detz.","og_url":"https:\/\/feierabend.stroeck.at\/en\/march-in-the-feierabend-garden-3\/","og_site_name":"Str\u00f6ck-Feierabend","article_published_time":"2024-04-10T10:03:01+00:00","article_modified_time":"2024-05-14T10:12:36+00:00","og_image":[{"width":885,"height":664,"url":"https:\/\/feierabend.stroeck.at\/wp-content\/uploads\/2024\/05\/Ostergruss_Rettich-885x664.jpg","type":"image\/jpeg"}],"author":"Lukas Kraetschmer","twitter_card":"summary_large_image","twitter_misc":{"Written by":"Lukas Kraetschmer","Est. reading time":"1 minute"},"schema":{"@context":"https:\/\/schema.org","@graph":[{"@type":"Article","@id":"https:\/\/feierabend.stroeck.at\/en\/march-in-the-feierabend-garden-3\/#article","isPartOf":{"@id":"https:\/\/feierabend.stroeck.at\/en\/march-in-the-feierabend-garden-3\/"},"author":{"name":"Lukas Kraetschmer","@id":"https:\/\/feierabend.stroeck.at\/en\/#\/schema\/person\/1ffe5ac719a3076e9a37047bb23f83a8"},"headline":"March in the Feierabend Garden","datePublished":"2024-04-10T10:03:01+00:00","dateModified":"2024-05-14T10:12:36+00:00","mainEntityOfPage":{"@id":"https:\/\/feierabend.stroeck.at\/en\/march-in-the-feierabend-garden-3\/"},"wordCount":229,"commentCount":0,"image":{"@id":"https:\/\/feierabend.stroeck.at\/en\/march-in-the-feierabend-garden-3\/#primaryimage"},"thumbnailUrl":"https:\/\/feierabend.stroeck.at\/wp-content\/uploads\/2024\/05\/Ostergruss_Rettich-scaled.jpg","articleSection":["Garden"],"inLanguage":"en-US","potentialAction":[{"@type":"CommentAction","name":"Comment","target":["https:\/\/feierabend.stroeck.at\/en\/march-in-the-feierabend-garden-3\/#respond"]}]},{"@type":"WebPage","@id":"https:\/\/feierabend.stroeck.at\/en\/march-in-the-feierabend-garden-3\/","url":"https:\/\/feierabend.stroeck.at\/en\/march-in-the-feierabend-garden-3\/","name":"March in the Feierabend Garden - Str\u00f6ck-Feierabend","isPartOf":{"@id":"https:\/\/feierabend.stroeck.at\/en\/#website"},"primaryImageOfPage":{"@id":"https:\/\/feierabend.stroeck.at\/en\/march-in-the-feierabend-garden-3\/#primaryimage"},"image":{"@id":"https:\/\/feierabend.stroeck.at\/en\/march-in-the-feierabend-garden-3\/#primaryimage"},"thumbnailUrl":"https:\/\/feierabend.stroeck.at\/wp-content\/uploads\/2024\/05\/Ostergruss_Rettich-scaled.jpg","datePublished":"2024-04-10T10:03:01+00:00","dateModified":"2024-05-14T10:12:36+00:00","author":{"@id":"https:\/\/feierabend.stroeck.at\/en\/#\/schema\/person\/1ffe5ac719a3076e9a37047bb23f83a8"},"breadcrumb":{"@id":"https:\/\/feierabend.stroeck.at\/en\/march-in-the-feierabend-garden-3\/#breadcrumb"},"inLanguage":"en-US","potentialAction":[{"@type":"ReadAction","target":["https:\/\/feierabend.stroeck.at\/en\/march-in-the-feierabend-garden-3\/"]}]},{"@type":"ImageObject","inLanguage":"en-US","@id":"https:\/\/feierabend.stroeck.at\/en\/march-in-the-feierabend-garden-3\/#primaryimage","url":"https:\/\/feierabend.stroeck.at\/wp-content\/uploads\/2024\/05\/Ostergruss_Rettich-scaled.jpg","contentUrl":"https:\/\/feierabend.stroeck.at\/wp-content\/uploads\/2024\/05\/Ostergruss_Rettich-scaled.jpg","width":2360,"height":1770,"caption":"Two freshly harvested red radishes with green leaves lie on a metal surface, with bits of soil clinging to their roots and some loose dirt scattered around them."},{"@type":"BreadcrumbList","@id":"https:\/\/feierabend.stroeck.at\/en\/march-in-the-feierabend-garden-3\/#breadcrumb","itemListElement":[{"@type":"ListItem","position":1,"name":"Home","item":"https:\/\/feierabend.stroeck.at\/en\/"},{"@type":"ListItem","position":2,"name":"March in the Feierabend Garden"}]},{"@type":"WebSite","@id":"https:\/\/feierabend.stroeck.at\/en\/#website","url":"https:\/\/feierabend.stroeck.at\/en\/","name":"Str\u00f6ck-Feierabend","description":"Str\u00f6ck-Feierabend belebt die Ku\u0308che rund ums Brot. Wir lassen uns von der ganzen Welt inspirieren \u2013 ohne dabei zu vergessen, woher wir kommen.","potentialAction":[{"@type":"SearchAction","target":{"@type":"EntryPoint","urlTemplate":"https:\/\/feierabend.stroeck.at\/en\/?s={search_term_string}"},"query-input":{"@type":"PropertyValueSpecification","valueRequired":true,"valueName":"search_term_string"}}],"inLanguage":"en-US"},{"@type":"Person","@id":"https:\/\/feierabend.stroeck.at\/en\/#\/schema\/person\/1ffe5ac719a3076e9a37047bb23f83a8","name":"Lukas Kraetschmer","image":{"@type":"ImageObject","inLanguage":"en-US","@id":"https:\/\/secure.gravatar.com\/avatar\/01d7478f9e3e448fcabe28494de4914b95d32a0329200b668d6a0d384b9377c9?s=96&d=mm&r=g","url":"https:\/\/secure.gravatar.com\/avatar\/01d7478f9e3e448fcabe28494de4914b95d32a0329200b668d6a0d384b9377c9?s=96&d=mm&r=g","contentUrl":"https:\/\/secure.gravatar.com\/avatar\/01d7478f9e3e448fcabe28494de4914b95d32a0329200b668d6a0d384b9377c9?s=96&d=mm&r=g","caption":"Lukas Kraetschmer"},"url":"https:\/\/feierabend.stroeck.at\/en\/author\/lkraetschmer\/"}]}},"_links":{"self":[{"href":"https:\/\/feierabend.stroeck.at\/en\/wp-json\/wp\/v2\/posts\/3444","targetHints":{"allow":["GET"]}}],"collection":[{"href":"https:\/\/feierabend.stroeck.at\/en\/wp-json\/wp\/v2\/posts"}],"about":[{"href":"https:\/\/feierabend.stroeck.at\/en\/wp-json\/wp\/v2\/types\/post"}],"author":[{"embeddable":true,"href":"https:\/\/feierabend.stroeck.at\/en\/wp-json\/wp\/v2\/users\/21"}],"replies":[{"embeddable":true,"href":"https:\/\/feierabend.stroeck.at\/en\/wp-json\/wp\/v2\/comments?post=3444"}],"version-history":[{"count":2,"href":"https:\/\/feierabend.stroeck.at\/en\/wp-json\/wp\/v2\/posts\/3444\/revisions"}],"predecessor-version":[{"id":3491,"href":"https:\/\/feierabend.stroeck.at\/en\/wp-json\/wp\/v2\/posts\/3444\/revisions\/3491"}],"wp:featuredmedia":[{"embeddable":true,"href":"https:\/\/feierabend.stroeck.at\/en\/wp-json\/wp\/v2\/media\/3480"}],"wp:attachment":[{"href":"https:\/\/feierabend.stroeck.at\/en\/wp-json\/wp\/v2\/media?parent=3444"}],"wp:term":[{"taxonomy":"category","embeddable":true,"href":"https:\/\/feierabend.stroeck.at\/en\/wp-json\/wp\/v2\/categories?post=3444"},{"taxonomy":"post_tag","embeddable":true,"href":"https:\/\/feierabend.stroeck.at\/en\/wp-json\/wp\/v2\/tags?post=3444"}],"curies":[{"name":"wp","href":"https:\/\/api.w.org\/{rel}","templated":true}]}}