{"id":3390,"date":"2024-05-14T11:56:37","date_gmt":"2024-05-14T09:56:37","guid":{"rendered":"https:\/\/feierabend.stroeck.at\/?p=3390"},"modified":"2024-05-14T11:56:39","modified_gmt":"2024-05-14T09:56:39","slug":"march-in-the-feierabend-garden-2","status":"publish","type":"post","link":"https:\/\/feierabend.stroeck.at\/en\/march-in-the-feierabend-garden-2\/","title":{"rendered":"March in the Feierabend Garden"},"content":{"rendered":"\n<p>Der Mai ist der arbeitsintensivste Monat im Gem\u00fcsebau. Das Fr\u00fchlingsgem\u00fcse m\u00f6chte geerntet werden und das Sommergem\u00fcse darf endlich in die Erde.<\/p>\n\n<p>Wir haben die letzten Wochen im Folientunnel und in den Hochbeeten aus dem vollen Sch\u00f6pfen k\u00f6nnen. Wir ernteten knackig frische Erbsenschoten, Salate, verschiedenste Kr\u00e4uter und die ersten Kohlrabi, Fenchel und Karotten. Nun sind die ersten Beete bereits abgeerntet und haben Platz f\u00fcr das Sommergem\u00fcse gemacht. Wir haben ca. 20 verschieden Sorten Paradeiser, 3 verschiedene Sorten Gurken, 5 versch. Zucchini als auch ein paar Chrysanthemen (essbare Schnittblumen) gesetzt. Die Paradeiser und Gurken werden mittels Schnur und Draht hochgebunden und ausgegeizt. Dies erm\u00f6glicht uns eine leichtere Ernte und beugt Krankheiten wie Mehltau vor. Zur Pflanzenst\u00e4rkung haben wir in die Pflanzl\u00f6cher Hornsp\u00e4ne und auf das Beet Urgesteinsmehl ausgebracht. Die Beete werden nun nach und nach mit Rasenschnitt gemulcht.<\/p>\n\n<p>Parallel haben wir auf der Parzelle, die wir erst im Herbst f\u00fcr Radicchio ben\u00f6tigen, eine Begr\u00fcnung bestehend aus Ackerbohne und Erbsen angebaut. Diese zwei Leguminose sind gut und wichtig f\u00fcr den Bodenaufbau und bl\u00fchen noch dazu wundersch\u00f6n. Durch eine Symbiose mit kn\u00f6llchenbildenden Bodenbakterien, auch Rhizobien genannt, die sich an den Pflanzenwurzeln ansiedeln, k\u00f6nnen Leguminosen Stickstoff im Boden binden und f\u00fcr die folgenden Kulturen speichern.<\/p>\n\n<figure class=\"wp-block-gallery has-nested-images columns-default is-cropped wp-block-gallery-1 is-layout-flex wp-block-gallery-is-layout-flex\">\n<figure class=\"wp-block-image size-large\"><img loading=\"lazy\" decoding=\"async\" width=\"498\" height=\"664\" data-id=\"3434\" src=\"https:\/\/feierabend.stroeck.at\/wp-content\/uploads\/2024\/05\/Salat-2-498x664.jpg\" alt=\"\" class=\"wp-image-3434\" srcset=\"https:\/\/feierabend.stroeck.at\/wp-content\/uploads\/2024\/05\/Salat-2-498x664.jpg 498w, https:\/\/feierabend.stroeck.at\/wp-content\/uploads\/2024\/05\/Salat-2-363x484.jpg 363w, https:\/\/feierabend.stroeck.at\/wp-content\/uploads\/2024\/05\/Salat-2-scaled.jpg 1770w\" sizes=\"(max-width: 498px) 100vw, 498px\" \/><figcaption class=\"wp-element-caption\">Salat<\/figcaption><\/figure>\n\n\n\n<figure class=\"wp-block-image size-large\"><img loading=\"lazy\" decoding=\"async\" width=\"498\" height=\"664\" data-id=\"3432\" src=\"https:\/\/feierabend.stroeck.at\/wp-content\/uploads\/2024\/05\/Salat-1-498x664.jpg\" alt=\"\" class=\"wp-image-3432\" srcset=\"https:\/\/feierabend.stroeck.at\/wp-content\/uploads\/2024\/05\/Salat-1-498x664.jpg 498w, https:\/\/feierabend.stroeck.at\/wp-content\/uploads\/2024\/05\/Salat-1-363x484.jpg 363w, https:\/\/feierabend.stroeck.at\/wp-content\/uploads\/2024\/05\/Salat-1-scaled.jpg 1770w\" sizes=\"(max-width: 498px) 100vw, 498px\" \/><figcaption class=\"wp-element-caption\">Salat<\/figcaption><\/figure>\n\n\n\n<figure class=\"wp-block-image size-large\"><img loading=\"lazy\" decoding=\"async\" width=\"498\" height=\"664\" data-id=\"3430\" src=\"https:\/\/feierabend.stroeck.at\/wp-content\/uploads\/2024\/05\/Rosen-498x664.jpg\" alt=\"\" class=\"wp-image-3430\" srcset=\"https:\/\/feierabend.stroeck.at\/wp-content\/uploads\/2024\/05\/Rosen-498x664.jpg 498w, https:\/\/feierabend.stroeck.at\/wp-content\/uploads\/2024\/05\/Rosen-363x484.jpg 363w, https:\/\/feierabend.stroeck.at\/wp-content\/uploads\/2024\/05\/Rosen-scaled.jpg 1770w\" sizes=\"(max-width: 498px) 100vw, 498px\" \/><figcaption class=\"wp-element-caption\">Rosen<\/figcaption><\/figure>\n\n\n\n<figure class=\"wp-block-image size-large\"><img loading=\"lazy\" decoding=\"async\" width=\"498\" height=\"664\" data-id=\"3428\" src=\"https:\/\/feierabend.stroeck.at\/wp-content\/uploads\/2024\/05\/Petersilie-498x664.jpg\" alt=\"\" class=\"wp-image-3428\" srcset=\"https:\/\/feierabend.stroeck.at\/wp-content\/uploads\/2024\/05\/Petersilie-498x664.jpg 498w, https:\/\/feierabend.stroeck.at\/wp-content\/uploads\/2024\/05\/Petersilie-363x484.jpg 363w, https:\/\/feierabend.stroeck.at\/wp-content\/uploads\/2024\/05\/Petersilie-scaled.jpg 1770w\" sizes=\"(max-width: 498px) 100vw, 498px\" \/><figcaption class=\"wp-element-caption\">Petersilie<\/figcaption><\/figure>\n\n\n\n<figure class=\"wp-block-image size-large\"><img loading=\"lazy\" decoding=\"async\" width=\"885\" height=\"664\" data-id=\"3410\" src=\"https:\/\/feierabend.stroeck.at\/wp-content\/uploads\/2024\/05\/Koriander-885x664.jpg\" alt=\"\" class=\"wp-image-3410\" srcset=\"https:\/\/feierabend.stroeck.at\/wp-content\/uploads\/2024\/05\/Koriander-885x664.jpg 885w, https:\/\/feierabend.stroeck.at\/wp-content\/uploads\/2024\/05\/Koriander-645x484.jpg 645w\" sizes=\"(max-width: 885px) 100vw, 885px\" \/><figcaption class=\"wp-element-caption\">Koriander<\/figcaption><\/figure>\n\n\n\n<figure class=\"wp-block-image size-large\"><img loading=\"lazy\" decoding=\"async\" width=\"498\" height=\"664\" data-id=\"3400\" src=\"https:\/\/feierabend.stroeck.at\/wp-content\/uploads\/2024\/05\/Forellenschluss-498x664.jpg\" alt=\"\" class=\"wp-image-3400\" srcset=\"https:\/\/feierabend.stroeck.at\/wp-content\/uploads\/2024\/05\/Forellenschluss-498x664.jpg 498w, https:\/\/feierabend.stroeck.at\/wp-content\/uploads\/2024\/05\/Forellenschluss-363x484.jpg 363w, https:\/\/feierabend.stroeck.at\/wp-content\/uploads\/2024\/05\/Forellenschluss-scaled.jpg 1770w\" sizes=\"(max-width: 498px) 100vw, 498px\" \/><figcaption class=\"wp-element-caption\">Forellenschluss<\/figcaption><\/figure>\n\n\n\n<figure class=\"wp-block-image size-large\"><img loading=\"lazy\" decoding=\"async\" width=\"498\" height=\"664\" data-id=\"3402\" src=\"https:\/\/feierabend.stroeck.at\/wp-content\/uploads\/2024\/05\/Gurken-1-498x664.jpg\" alt=\"\" class=\"wp-image-3402\" srcset=\"https:\/\/feierabend.stroeck.at\/wp-content\/uploads\/2024\/05\/Gurken-1-498x664.jpg 498w, https:\/\/feierabend.stroeck.at\/wp-content\/uploads\/2024\/05\/Gurken-1-363x484.jpg 363w, https:\/\/feierabend.stroeck.at\/wp-content\/uploads\/2024\/05\/Gurken-1-scaled.jpg 1770w\" sizes=\"(max-width: 498px) 100vw, 498px\" \/><figcaption class=\"wp-element-caption\">Gruken<\/figcaption><\/figure>\n\n\n\n<figure class=\"wp-block-image size-large\"><img loading=\"lazy\" decoding=\"async\" width=\"885\" height=\"664\" data-id=\"3396\" src=\"https:\/\/feierabend.stroeck.at\/wp-content\/uploads\/2024\/05\/Fenchel-885x664.jpg\" alt=\"\" class=\"wp-image-3396\" srcset=\"https:\/\/feierabend.stroeck.at\/wp-content\/uploads\/2024\/05\/Fenchel-885x664.jpg 885w, https:\/\/feierabend.stroeck.at\/wp-content\/uploads\/2024\/05\/Fenchel-645x484.jpg 645w\" sizes=\"(max-width: 885px) 100vw, 885px\" \/><figcaption class=\"wp-element-caption\">Fenchel<\/figcaption><\/figure>\n\n\n\n<figure class=\"wp-block-image size-large\"><img loading=\"lazy\" decoding=\"async\" width=\"498\" height=\"664\" data-id=\"3392\" src=\"https:\/\/feierabend.stroeck.at\/wp-content\/uploads\/2024\/05\/Begruenung-498x664.jpg\" alt=\"\" class=\"wp-image-3392\" srcset=\"https:\/\/feierabend.stroeck.at\/wp-content\/uploads\/2024\/05\/Begruenung-498x664.jpg 498w, https:\/\/feierabend.stroeck.at\/wp-content\/uploads\/2024\/05\/Begruenung-363x484.jpg 363w, https:\/\/feierabend.stroeck.at\/wp-content\/uploads\/2024\/05\/Begruenung-scaled.jpg 1770w\" sizes=\"(max-width: 498px) 100vw, 498px\" \/><\/figure>\n\n\n\n<figure class=\"wp-block-image size-large\"><img loading=\"lazy\" decoding=\"async\" width=\"885\" height=\"664\" data-id=\"3436\" src=\"https:\/\/feierabend.stroeck.at\/wp-content\/uploads\/2024\/05\/Zucchini-1-885x664.jpg\" alt=\"\" class=\"wp-image-3436\" srcset=\"https:\/\/feierabend.stroeck.at\/wp-content\/uploads\/2024\/05\/Zucchini-1-885x664.jpg 885w, https:\/\/feierabend.stroeck.at\/wp-content\/uploads\/2024\/05\/Zucchini-1-645x484.jpg 645w\" sizes=\"(max-width: 885px) 100vw, 885px\" \/><figcaption class=\"wp-element-caption\">Zucchini<\/figcaption><\/figure>\n\n\n\n<figure class=\"wp-block-image size-large\"><img loading=\"lazy\" decoding=\"async\" width=\"498\" height=\"664\" data-id=\"3426\" src=\"https:\/\/feierabend.stroeck.at\/wp-content\/uploads\/2024\/05\/PetersilieFenchel-498x664.jpg\" alt=\"\" class=\"wp-image-3426\" srcset=\"https:\/\/feierabend.stroeck.at\/wp-content\/uploads\/2024\/05\/PetersilieFenchel-498x664.jpg 498w, https:\/\/feierabend.stroeck.at\/wp-content\/uploads\/2024\/05\/PetersilieFenchel-363x484.jpg 363w, https:\/\/feierabend.stroeck.at\/wp-content\/uploads\/2024\/05\/PetersilieFenchel-scaled.jpg 1770w\" sizes=\"(max-width: 498px) 100vw, 498px\" \/><figcaption class=\"wp-element-caption\">Petersilie,Fenchel<\/figcaption><\/figure>\n\n\n\n<figure class=\"wp-block-image size-large\"><img loading=\"lazy\" decoding=\"async\" width=\"498\" height=\"664\" data-id=\"3424\" src=\"https:\/\/feierabend.stroeck.at\/wp-content\/uploads\/2024\/05\/Paradeiserpflanzen-498x664.jpg\" alt=\"\" class=\"wp-image-3424\" srcset=\"https:\/\/feierabend.stroeck.at\/wp-content\/uploads\/2024\/05\/Paradeiserpflanzen-498x664.jpg 498w, https:\/\/feierabend.stroeck.at\/wp-content\/uploads\/2024\/05\/Paradeiserpflanzen-363x484.jpg 363w, https:\/\/feierabend.stroeck.at\/wp-content\/uploads\/2024\/05\/Paradeiserpflanzen-scaled.jpg 1770w\" sizes=\"(max-width: 498px) 100vw, 498px\" \/><figcaption class=\"wp-element-caption\">Paradeiserpflanzen<\/figcaption><\/figure>\n\n\n\n<figure class=\"wp-block-image size-large\"><img loading=\"lazy\" decoding=\"async\" width=\"885\" height=\"664\" data-id=\"3418\" src=\"https:\/\/feierabend.stroeck.at\/wp-content\/uploads\/2024\/05\/Paradeiser-1-885x664.jpg\" alt=\"\" class=\"wp-image-3418\" srcset=\"https:\/\/feierabend.stroeck.at\/wp-content\/uploads\/2024\/05\/Paradeiser-1-885x664.jpg 885w, https:\/\/feierabend.stroeck.at\/wp-content\/uploads\/2024\/05\/Paradeiser-1-645x484.jpg 645w\" sizes=\"(max-width: 885px) 100vw, 885px\" \/><figcaption class=\"wp-element-caption\">Paradeiser<\/figcaption><\/figure>\n\n\n\n<figure class=\"wp-block-image size-large\"><img loading=\"lazy\" decoding=\"async\" width=\"498\" height=\"664\" data-id=\"3416\" src=\"https:\/\/feierabend.stroeck.at\/wp-content\/uploads\/2024\/05\/Obstbaeume-498x664.jpg\" alt=\"\" class=\"wp-image-3416\" srcset=\"https:\/\/feierabend.stroeck.at\/wp-content\/uploads\/2024\/05\/Obstbaeume-498x664.jpg 498w, https:\/\/feierabend.stroeck.at\/wp-content\/uploads\/2024\/05\/Obstbaeume-363x484.jpg 363w, https:\/\/feierabend.stroeck.at\/wp-content\/uploads\/2024\/05\/Obstbaeume-scaled.jpg 1770w\" sizes=\"(max-width: 498px) 100vw, 498px\" \/><figcaption class=\"wp-element-caption\">Obstba\u0308ume<\/figcaption><\/figure>\n\n\n\n<figure class=\"wp-block-image size-large\"><img loading=\"lazy\" decoding=\"async\" width=\"885\" height=\"664\" data-id=\"3414\" src=\"https:\/\/feierabend.stroeck.at\/wp-content\/uploads\/2024\/05\/Microgreens-885x664.jpg\" alt=\"\" class=\"wp-image-3414\" srcset=\"https:\/\/feierabend.stroeck.at\/wp-content\/uploads\/2024\/05\/Microgreens-885x664.jpg 885w, https:\/\/feierabend.stroeck.at\/wp-content\/uploads\/2024\/05\/Microgreens-645x484.jpg 645w\" sizes=\"(max-width: 885px) 100vw, 885px\" \/><figcaption class=\"wp-element-caption\">Microgreens<\/figcaption><\/figure>\n\n\n\n<figure class=\"wp-block-image size-large\"><img loading=\"lazy\" decoding=\"async\" width=\"498\" height=\"664\" data-id=\"3412\" src=\"https:\/\/feierabend.stroeck.at\/wp-content\/uploads\/2024\/05\/Microgreens-2-498x664.jpg\" alt=\"\" class=\"wp-image-3412\" srcset=\"https:\/\/feierabend.stroeck.at\/wp-content\/uploads\/2024\/05\/Microgreens-2-498x664.jpg 498w, https:\/\/feierabend.stroeck.at\/wp-content\/uploads\/2024\/05\/Microgreens-2-363x484.jpg 363w, https:\/\/feierabend.stroeck.at\/wp-content\/uploads\/2024\/05\/Microgreens-2-scaled.jpg 1770w\" sizes=\"(max-width: 498px) 100vw, 498px\" \/><figcaption class=\"wp-element-caption\">Microgreens<\/figcaption><\/figure>\n\n\n\n<figure class=\"wp-block-image size-large\"><img loading=\"lazy\" decoding=\"async\" width=\"498\" height=\"664\" data-id=\"3408\" src=\"https:\/\/feierabend.stroeck.at\/wp-content\/uploads\/2024\/05\/Jungzwiebel-498x664.jpg\" alt=\"\" class=\"wp-image-3408\" srcset=\"https:\/\/feierabend.stroeck.at\/wp-content\/uploads\/2024\/05\/Jungzwiebel-498x664.jpg 498w, https:\/\/feierabend.stroeck.at\/wp-content\/uploads\/2024\/05\/Jungzwiebel-363x484.jpg 363w, https:\/\/feierabend.stroeck.at\/wp-content\/uploads\/2024\/05\/Jungzwiebel-scaled.jpg 1770w\" sizes=\"(max-width: 498px) 100vw, 498px\" \/><figcaption class=\"wp-element-caption\">Jungzwiebel<\/figcaption><\/figure>\n\n\n\n<figure class=\"wp-block-image size-large\"><img loading=\"lazy\" decoding=\"async\" width=\"498\" height=\"664\" data-id=\"3406\" src=\"https:\/\/feierabend.stroeck.at\/wp-content\/uploads\/2024\/05\/Gurken-3-498x664.jpg\" alt=\"\" class=\"wp-image-3406\" srcset=\"https:\/\/feierabend.stroeck.at\/wp-content\/uploads\/2024\/05\/Gurken-3-498x664.jpg 498w, https:\/\/feierabend.stroeck.at\/wp-content\/uploads\/2024\/05\/Gurken-3-363x484.jpg 363w, https:\/\/feierabend.stroeck.at\/wp-content\/uploads\/2024\/05\/Gurken-3-scaled.jpg 1770w\" sizes=\"(max-width: 498px) 100vw, 498px\" \/><figcaption class=\"wp-element-caption\">Gurken<\/figcaption><\/figure>\n\n\n\n<figure class=\"wp-block-image size-large\"><img loading=\"lazy\" decoding=\"async\" width=\"885\" height=\"664\" data-id=\"3398\" src=\"https:\/\/feierabend.stroeck.at\/wp-content\/uploads\/2024\/05\/Folientunnel-885x664.jpg\" alt=\"\" class=\"wp-image-3398\" srcset=\"https:\/\/feierabend.stroeck.at\/wp-content\/uploads\/2024\/05\/Folientunnel-885x664.jpg 885w, https:\/\/feierabend.stroeck.at\/wp-content\/uploads\/2024\/05\/Folientunnel-645x484.jpg 645w\" sizes=\"(max-width: 885px) 100vw, 885px\" \/><figcaption class=\"wp-element-caption\">Folientunnel<\/figcaption><\/figure>\n<\/figure>\n","protected":false},"excerpt":{"rendered":"<p>Garden Update from our Head Gardener, Saskia Detz.<\/p>\n","protected":false},"author":21,"featured_media":3395,"comment_status":"open","ping_status":"open","sticky":false,"template":"","format":"standard","meta":{"_acf_changed":false,"footnotes":""},"categories":[234],"tags":[],"class_list":["post-3390","post","type-post","status-publish","format-standard","has-post-thumbnail","hentry","category-garden"],"acf":[],"yoast_head":"<!-- This site is optimized with the Yoast SEO plugin v27.3 - https:\/\/yoast.com\/product\/yoast-seo-wordpress\/ -->\n<title>March in the Feierabend Garden - Str\u00f6ck-Feierabend<\/title>\n<meta name=\"robots\" content=\"index, follow, max-snippet:-1, max-image-preview:large, max-video-preview:-1\" \/>\n<link rel=\"canonical\" href=\"https:\/\/feierabend.stroeck.at\/en\/march-in-the-feierabend-garden-2\/\" \/>\n<meta property=\"og:locale\" content=\"en_US\" \/>\n<meta property=\"og:type\" content=\"article\" \/>\n<meta property=\"og:title\" content=\"March in the Feierabend Garden - Str\u00f6ck-Feierabend\" \/>\n<meta property=\"og:description\" content=\"Garden Update from our Head Gardener, Saskia Detz.\" \/>\n<meta property=\"og:url\" content=\"https:\/\/feierabend.stroeck.at\/en\/march-in-the-feierabend-garden-2\/\" \/>\n<meta property=\"og:site_name\" content=\"Str\u00f6ck-Feierabend\" \/>\n<meta property=\"article:published_time\" content=\"2024-05-14T09:56:37+00:00\" \/>\n<meta property=\"article:modified_time\" content=\"2024-05-14T09:56:39+00:00\" \/>\n<meta property=\"og:image\" content=\"https:\/\/feierabend.stroeck.at\/wp-content\/uploads\/2024\/05\/Erbsen-885x664.jpg\" \/>\n\t<meta property=\"og:image:width\" content=\"885\" \/>\n\t<meta property=\"og:image:height\" content=\"664\" \/>\n\t<meta property=\"og:image:type\" content=\"image\/jpeg\" \/>\n<meta name=\"author\" content=\"Lukas Kraetschmer\" \/>\n<meta name=\"twitter:card\" content=\"summary_large_image\" \/>\n<meta name=\"twitter:label1\" content=\"Written by\" \/>\n\t<meta name=\"twitter:data1\" content=\"Lukas Kraetschmer\" \/>\n\t<meta name=\"twitter:label2\" content=\"Est. reading time\" \/>\n\t<meta name=\"twitter:data2\" content=\"1 minute\" \/>\n<script type=\"application\/ld+json\" class=\"yoast-schema-graph\">{\"@context\":\"https:\\\/\\\/schema.org\",\"@graph\":[{\"@type\":\"Article\",\"@id\":\"https:\\\/\\\/feierabend.stroeck.at\\\/en\\\/march-in-the-feierabend-garden-2\\\/#article\",\"isPartOf\":{\"@id\":\"https:\\\/\\\/feierabend.stroeck.at\\\/en\\\/march-in-the-feierabend-garden-2\\\/\"},\"author\":{\"name\":\"Lukas Kraetschmer\",\"@id\":\"https:\\\/\\\/feierabend.stroeck.at\\\/en\\\/#\\\/schema\\\/person\\\/1ffe5ac719a3076e9a37047bb23f83a8\"},\"headline\":\"March in the Feierabend Garden\",\"datePublished\":\"2024-05-14T09:56:37+00:00\",\"dateModified\":\"2024-05-14T09:56:39+00:00\",\"mainEntityOfPage\":{\"@id\":\"https:\\\/\\\/feierabend.stroeck.at\\\/en\\\/march-in-the-feierabend-garden-2\\\/\"},\"wordCount\":245,\"commentCount\":0,\"image\":{\"@id\":\"https:\\\/\\\/feierabend.stroeck.at\\\/en\\\/march-in-the-feierabend-garden-2\\\/#primaryimage\"},\"thumbnailUrl\":\"https:\\\/\\\/feierabend.stroeck.at\\\/wp-content\\\/uploads\\\/2024\\\/05\\\/Erbsen-scaled.jpg\",\"articleSection\":[\"Garden\"],\"inLanguage\":\"en-US\",\"potentialAction\":[{\"@type\":\"CommentAction\",\"name\":\"Comment\",\"target\":[\"https:\\\/\\\/feierabend.stroeck.at\\\/en\\\/march-in-the-feierabend-garden-2\\\/#respond\"]}]},{\"@type\":\"WebPage\",\"@id\":\"https:\\\/\\\/feierabend.stroeck.at\\\/en\\\/march-in-the-feierabend-garden-2\\\/\",\"url\":\"https:\\\/\\\/feierabend.stroeck.at\\\/en\\\/march-in-the-feierabend-garden-2\\\/\",\"name\":\"March in the Feierabend Garden - Str\u00f6ck-Feierabend\",\"isPartOf\":{\"@id\":\"https:\\\/\\\/feierabend.stroeck.at\\\/en\\\/#website\"},\"primaryImageOfPage\":{\"@id\":\"https:\\\/\\\/feierabend.stroeck.at\\\/en\\\/march-in-the-feierabend-garden-2\\\/#primaryimage\"},\"image\":{\"@id\":\"https:\\\/\\\/feierabend.stroeck.at\\\/en\\\/march-in-the-feierabend-garden-2\\\/#primaryimage\"},\"thumbnailUrl\":\"https:\\\/\\\/feierabend.stroeck.at\\\/wp-content\\\/uploads\\\/2024\\\/05\\\/Erbsen-scaled.jpg\",\"datePublished\":\"2024-05-14T09:56:37+00:00\",\"dateModified\":\"2024-05-14T09:56:39+00:00\",\"author\":{\"@id\":\"https:\\\/\\\/feierabend.stroeck.at\\\/en\\\/#\\\/schema\\\/person\\\/1ffe5ac719a3076e9a37047bb23f83a8\"},\"breadcrumb\":{\"@id\":\"https:\\\/\\\/feierabend.stroeck.at\\\/en\\\/march-in-the-feierabend-garden-2\\\/#breadcrumb\"},\"inLanguage\":\"en-US\",\"potentialAction\":[{\"@type\":\"ReadAction\",\"target\":[\"https:\\\/\\\/feierabend.stroeck.at\\\/en\\\/march-in-the-feierabend-garden-2\\\/\"]}]},{\"@type\":\"ImageObject\",\"inLanguage\":\"en-US\",\"@id\":\"https:\\\/\\\/feierabend.stroeck.at\\\/en\\\/march-in-the-feierabend-garden-2\\\/#primaryimage\",\"url\":\"https:\\\/\\\/feierabend.stroeck.at\\\/wp-content\\\/uploads\\\/2024\\\/05\\\/Erbsen-scaled.jpg\",\"contentUrl\":\"https:\\\/\\\/feierabend.stroeck.at\\\/wp-content\\\/uploads\\\/2024\\\/05\\\/Erbsen-scaled.jpg\",\"width\":2360,\"height\":1770,\"caption\":\"Four fresh green pea pods lying on a rustic, weathered wooden surface with peeling white paint.\"},{\"@type\":\"BreadcrumbList\",\"@id\":\"https:\\\/\\\/feierabend.stroeck.at\\\/en\\\/march-in-the-feierabend-garden-2\\\/#breadcrumb\",\"itemListElement\":[{\"@type\":\"ListItem\",\"position\":1,\"name\":\"Home\",\"item\":\"https:\\\/\\\/feierabend.stroeck.at\\\/en\\\/\"},{\"@type\":\"ListItem\",\"position\":2,\"name\":\"March in the Feierabend Garden\"}]},{\"@type\":\"WebSite\",\"@id\":\"https:\\\/\\\/feierabend.stroeck.at\\\/en\\\/#website\",\"url\":\"https:\\\/\\\/feierabend.stroeck.at\\\/en\\\/\",\"name\":\"Str\u00f6ck-Feierabend\",\"description\":\"Str\u00f6ck-Feierabend belebt die Ku\u0308che rund ums Brot. Wir lassen uns von der ganzen Welt inspirieren \u2013 ohne dabei zu vergessen, woher wir kommen.\",\"potentialAction\":[{\"@type\":\"SearchAction\",\"target\":{\"@type\":\"EntryPoint\",\"urlTemplate\":\"https:\\\/\\\/feierabend.stroeck.at\\\/en\\\/?s={search_term_string}\"},\"query-input\":{\"@type\":\"PropertyValueSpecification\",\"valueRequired\":true,\"valueName\":\"search_term_string\"}}],\"inLanguage\":\"en-US\"},{\"@type\":\"Person\",\"@id\":\"https:\\\/\\\/feierabend.stroeck.at\\\/en\\\/#\\\/schema\\\/person\\\/1ffe5ac719a3076e9a37047bb23f83a8\",\"name\":\"Lukas Kraetschmer\",\"image\":{\"@type\":\"ImageObject\",\"inLanguage\":\"en-US\",\"@id\":\"https:\\\/\\\/secure.gravatar.com\\\/avatar\\\/01d7478f9e3e448fcabe28494de4914b95d32a0329200b668d6a0d384b9377c9?s=96&d=mm&r=g\",\"url\":\"https:\\\/\\\/secure.gravatar.com\\\/avatar\\\/01d7478f9e3e448fcabe28494de4914b95d32a0329200b668d6a0d384b9377c9?s=96&d=mm&r=g\",\"contentUrl\":\"https:\\\/\\\/secure.gravatar.com\\\/avatar\\\/01d7478f9e3e448fcabe28494de4914b95d32a0329200b668d6a0d384b9377c9?s=96&d=mm&r=g\",\"caption\":\"Lukas Kraetschmer\"},\"url\":\"https:\\\/\\\/feierabend.stroeck.at\\\/en\\\/author\\\/lkraetschmer\\\/\"}]}<\/script>\n<!-- \/ Yoast SEO plugin. -->","yoast_head_json":{"title":"March in the Feierabend Garden - Str\u00f6ck-Feierabend","robots":{"index":"index","follow":"follow","max-snippet":"max-snippet:-1","max-image-preview":"max-image-preview:large","max-video-preview":"max-video-preview:-1"},"canonical":"https:\/\/feierabend.stroeck.at\/en\/march-in-the-feierabend-garden-2\/","og_locale":"en_US","og_type":"article","og_title":"March in the Feierabend Garden - Str\u00f6ck-Feierabend","og_description":"Garden Update from our Head Gardener, Saskia Detz.","og_url":"https:\/\/feierabend.stroeck.at\/en\/march-in-the-feierabend-garden-2\/","og_site_name":"Str\u00f6ck-Feierabend","article_published_time":"2024-05-14T09:56:37+00:00","article_modified_time":"2024-05-14T09:56:39+00:00","og_image":[{"width":885,"height":664,"url":"https:\/\/feierabend.stroeck.at\/wp-content\/uploads\/2024\/05\/Erbsen-885x664.jpg","type":"image\/jpeg"}],"author":"Lukas Kraetschmer","twitter_card":"summary_large_image","twitter_misc":{"Written by":"Lukas Kraetschmer","Est. reading time":"1 minute"},"schema":{"@context":"https:\/\/schema.org","@graph":[{"@type":"Article","@id":"https:\/\/feierabend.stroeck.at\/en\/march-in-the-feierabend-garden-2\/#article","isPartOf":{"@id":"https:\/\/feierabend.stroeck.at\/en\/march-in-the-feierabend-garden-2\/"},"author":{"name":"Lukas Kraetschmer","@id":"https:\/\/feierabend.stroeck.at\/en\/#\/schema\/person\/1ffe5ac719a3076e9a37047bb23f83a8"},"headline":"March in the Feierabend Garden","datePublished":"2024-05-14T09:56:37+00:00","dateModified":"2024-05-14T09:56:39+00:00","mainEntityOfPage":{"@id":"https:\/\/feierabend.stroeck.at\/en\/march-in-the-feierabend-garden-2\/"},"wordCount":245,"commentCount":0,"image":{"@id":"https:\/\/feierabend.stroeck.at\/en\/march-in-the-feierabend-garden-2\/#primaryimage"},"thumbnailUrl":"https:\/\/feierabend.stroeck.at\/wp-content\/uploads\/2024\/05\/Erbsen-scaled.jpg","articleSection":["Garden"],"inLanguage":"en-US","potentialAction":[{"@type":"CommentAction","name":"Comment","target":["https:\/\/feierabend.stroeck.at\/en\/march-in-the-feierabend-garden-2\/#respond"]}]},{"@type":"WebPage","@id":"https:\/\/feierabend.stroeck.at\/en\/march-in-the-feierabend-garden-2\/","url":"https:\/\/feierabend.stroeck.at\/en\/march-in-the-feierabend-garden-2\/","name":"March in the Feierabend Garden - Str\u00f6ck-Feierabend","isPartOf":{"@id":"https:\/\/feierabend.stroeck.at\/en\/#website"},"primaryImageOfPage":{"@id":"https:\/\/feierabend.stroeck.at\/en\/march-in-the-feierabend-garden-2\/#primaryimage"},"image":{"@id":"https:\/\/feierabend.stroeck.at\/en\/march-in-the-feierabend-garden-2\/#primaryimage"},"thumbnailUrl":"https:\/\/feierabend.stroeck.at\/wp-content\/uploads\/2024\/05\/Erbsen-scaled.jpg","datePublished":"2024-05-14T09:56:37+00:00","dateModified":"2024-05-14T09:56:39+00:00","author":{"@id":"https:\/\/feierabend.stroeck.at\/en\/#\/schema\/person\/1ffe5ac719a3076e9a37047bb23f83a8"},"breadcrumb":{"@id":"https:\/\/feierabend.stroeck.at\/en\/march-in-the-feierabend-garden-2\/#breadcrumb"},"inLanguage":"en-US","potentialAction":[{"@type":"ReadAction","target":["https:\/\/feierabend.stroeck.at\/en\/march-in-the-feierabend-garden-2\/"]}]},{"@type":"ImageObject","inLanguage":"en-US","@id":"https:\/\/feierabend.stroeck.at\/en\/march-in-the-feierabend-garden-2\/#primaryimage","url":"https:\/\/feierabend.stroeck.at\/wp-content\/uploads\/2024\/05\/Erbsen-scaled.jpg","contentUrl":"https:\/\/feierabend.stroeck.at\/wp-content\/uploads\/2024\/05\/Erbsen-scaled.jpg","width":2360,"height":1770,"caption":"Four fresh green pea pods lying on a rustic, weathered wooden surface with peeling white paint."},{"@type":"BreadcrumbList","@id":"https:\/\/feierabend.stroeck.at\/en\/march-in-the-feierabend-garden-2\/#breadcrumb","itemListElement":[{"@type":"ListItem","position":1,"name":"Home","item":"https:\/\/feierabend.stroeck.at\/en\/"},{"@type":"ListItem","position":2,"name":"March in the Feierabend Garden"}]},{"@type":"WebSite","@id":"https:\/\/feierabend.stroeck.at\/en\/#website","url":"https:\/\/feierabend.stroeck.at\/en\/","name":"Str\u00f6ck-Feierabend","description":"Str\u00f6ck-Feierabend belebt die Ku\u0308che rund ums Brot. Wir lassen uns von der ganzen Welt inspirieren \u2013 ohne dabei zu vergessen, woher wir kommen.","potentialAction":[{"@type":"SearchAction","target":{"@type":"EntryPoint","urlTemplate":"https:\/\/feierabend.stroeck.at\/en\/?s={search_term_string}"},"query-input":{"@type":"PropertyValueSpecification","valueRequired":true,"valueName":"search_term_string"}}],"inLanguage":"en-US"},{"@type":"Person","@id":"https:\/\/feierabend.stroeck.at\/en\/#\/schema\/person\/1ffe5ac719a3076e9a37047bb23f83a8","name":"Lukas Kraetschmer","image":{"@type":"ImageObject","inLanguage":"en-US","@id":"https:\/\/secure.gravatar.com\/avatar\/01d7478f9e3e448fcabe28494de4914b95d32a0329200b668d6a0d384b9377c9?s=96&d=mm&r=g","url":"https:\/\/secure.gravatar.com\/avatar\/01d7478f9e3e448fcabe28494de4914b95d32a0329200b668d6a0d384b9377c9?s=96&d=mm&r=g","contentUrl":"https:\/\/secure.gravatar.com\/avatar\/01d7478f9e3e448fcabe28494de4914b95d32a0329200b668d6a0d384b9377c9?s=96&d=mm&r=g","caption":"Lukas Kraetschmer"},"url":"https:\/\/feierabend.stroeck.at\/en\/author\/lkraetschmer\/"}]}},"_links":{"self":[{"href":"https:\/\/feierabend.stroeck.at\/en\/wp-json\/wp\/v2\/posts\/3390","targetHints":{"allow":["GET"]}}],"collection":[{"href":"https:\/\/feierabend.stroeck.at\/en\/wp-json\/wp\/v2\/posts"}],"about":[{"href":"https:\/\/feierabend.stroeck.at\/en\/wp-json\/wp\/v2\/types\/post"}],"author":[{"embeddable":true,"href":"https:\/\/feierabend.stroeck.at\/en\/wp-json\/wp\/v2\/users\/21"}],"replies":[{"embeddable":true,"href":"https:\/\/feierabend.stroeck.at\/en\/wp-json\/wp\/v2\/comments?post=3390"}],"version-history":[{"count":2,"href":"https:\/\/feierabend.stroeck.at\/en\/wp-json\/wp\/v2\/posts\/3390\/revisions"}],"predecessor-version":[{"id":3441,"href":"https:\/\/feierabend.stroeck.at\/en\/wp-json\/wp\/v2\/posts\/3390\/revisions\/3441"}],"wp:featuredmedia":[{"embeddable":true,"href":"https:\/\/feierabend.stroeck.at\/en\/wp-json\/wp\/v2\/media\/3395"}],"wp:attachment":[{"href":"https:\/\/feierabend.stroeck.at\/en\/wp-json\/wp\/v2\/media?parent=3390"}],"wp:term":[{"taxonomy":"category","embeddable":true,"href":"https:\/\/feierabend.stroeck.at\/en\/wp-json\/wp\/v2\/categories?post=3390"},{"taxonomy":"post_tag","embeddable":true,"href":"https:\/\/feierabend.stroeck.at\/en\/wp-json\/wp\/v2\/tags?post=3390"}],"curies":[{"name":"wp","href":"https:\/\/api.w.org\/{rel}","templated":true}]}}